{"id":7975,"date":"2021-01-25T19:32:48","date_gmt":"2021-01-25T18:32:48","guid":{"rendered":"https:\/\/www.otto-keller.de\/besser-schlafen\/"},"modified":"2021-11-10T10:02:02","modified_gmt":"2021-11-10T09:02:02","slug":"sov-bedre","status":"publish","type":"post","link":"https:\/\/www.otto-keller.de\/da\/sov-bedre\/","title":{"rendered":"Sov bedre"},"content":{"rendered":"<p>[et_pb_section fb_built=&#8221;1&#8243; module_class=&#8221;header&#8221; _builder_version=&#8221;4.7.3&#8243; _module_preset=&#8221;default&#8221; global_colors_info=&#8221;{}&#8221;][et_pb_row module_class=&#8221;headline center&#8221; _builder_version=&#8221;4.9.0&#8243; _module_preset=&#8221;default&#8221; custom_padding=&#8221;||0px|||&#8221; global_colors_info=&#8221;{}&#8221;][et_pb_column type=&#8221;4_4&#8243; _builder_version=&#8221;4.7.3&#8243; _module_preset=&#8221;default&#8221; global_colors_info=&#8221;{}&#8221;][et_pb_text admin_label=&#8221;\u00dcberschriften&#8221; module_class=&#8221;headlines &#8221; _builder_version=&#8221;4.10.7&#8243; _module_preset=&#8221;default&#8221; hover_enabled=&#8221;0&#8243; global_colors_info=&#8221;{}&#8221; sticky_enabled=&#8221;0&#8243;]<\/p>\n<h1><em>Sov bedre<\/em><\/h1>\n<h2>TIPS OG TRICKS TIL EN DYB, AFSLAPPENDE S\u00d8VN<\/h2>\n<p>[\/et_pb_text][et_pb_text admin_label=&#8221;Autorinfos&#8221; module_class=&#8221;datum abspann &#8221; _builder_version=&#8221;4.10.7&#8243; _module_preset=&#8221;default&#8221; hover_enabled=&#8221;0&#8243; global_colors_info=&#8221;{}&#8221; sticky_enabled=&#8221;0&#8243;]Tekst Luiza Pechel[\/et_pb_text][et_pb_text admin_label=&#8221;Datum (nichts machen!!) &#8221; module_class=&#8221;datum&#8221; _builder_version=&#8221;4.7.3&#8243; _dynamic_attributes=&#8221;content&#8221; _module_preset=&#8221;default&#8221; global_colors_info=&#8221;{}&#8221;]@ET-DC@eyJkeW5hbWljIjp0cnVlLCJjb250ZW50IjoicG9zdF9kYXRlIiwic2V0dGluZ3MiOnsiYmVmb3JlIjoiIiwiYWZ0ZXIiOiIgVWhyIiwiZGF0ZV9mb3JtYXQiOiJjdXN0b20iLCJjdXN0b21fZGF0ZV9mb3JtYXQiOiJkLiBGIFkgSDppIn19@[\/et_pb_text][et_pb_text admin_label=&#8221;Teilen Buttons (nichts machen!!) &#8221; module_class=&#8221;teilen&#8221; _builder_version=&#8221;4.7.3&#8243; _module_preset=&#8221;default&#8221; global_colors_info=&#8221;{}&#8221;]<p style=\"text-align: center;\" class=\"teilen icons\"><a href=\"https:\/\/www.facebook.com\/sharer\/sharer.php?u=https:\/\/www.otto-keller.de\/da\/sov-bedre\/&t=Sov bedre - otto-keller.de\" class=\"icon facebook\" target=\"_blank\"><i><\/i><\/a><a href=\"https:\/\/twitter.com\/intent\/tweet?text=Sov bedre - otto-keller.de https:\/\/www.otto-keller.de\/da\/sov-bedre\/\" class=\"icon twitter\" target=\"_blank\"><i><\/i><\/a><a href=\"https:\/\/www.linkedin.com\/shareArticle\/?mini=true&url=https:\/\/www.otto-keller.de\/da\/sov-bedre\/&title=Sov bedre - otto-keller.de&summary=Tips og tricks til en dyb og afslappende s\u00f8vn. I Otto Kellers blad for livskvalitet. Tag et kig nu!\" class=\"icon linkedin\" target=\"_blank\"><i><\/i><\/a><\/p>[\/et_pb_text][\/et_pb_column][\/et_pb_row][\/et_pb_section][et_pb_section fb_built=&#8221;1&#8243; fullwidth=&#8221;on&#8221; module_class=&#8221;beitragsbild&#8221; _builder_version=&#8221;4.7.3&#8243; _module_preset=&#8221;default&#8221; global_colors_info=&#8221;{}&#8221;][et_pb_fullwidth_image src=&#8221;@ET-DC@eyJkeW5hbWljIjp0cnVlLCJjb250ZW50IjoicG9zdF9mZWF0dXJlZF9pbWFnZSIsInNldHRpbmdzIjp7fX0=@&#8221; src_last_edited=&#8221;off|tablet&#8221; admin_label=&#8221;Beitragsbild (nichts machen!!) &#8221; _builder_version=&#8221;4.7.3&#8243; _dynamic_attributes=&#8221;src&#8221; _module_preset=&#8221;default&#8221; module_alignment=&#8221;center&#8221; max_height=&#8221;650px&#8221; global_colors_info=&#8221;{}&#8221; transform_styles__hover_enabled=&#8221;off|desktop&#8221; transform_scale__hover_enabled=&#8221;off|desktop&#8221; transform_translate__hover_enabled=&#8221;off|desktop&#8221; transform_rotate__hover_enabled=&#8221;off|desktop&#8221; transform_skew__hover_enabled=&#8221;off|desktop&#8221; transform_origin__hover_enabled=&#8221;off|desktop&#8221;][\/et_pb_fullwidth_image][\/et_pb_section][et_pb_section fb_built=&#8221;1&#8243; module_class=&#8221;body text&#8221; _builder_version=&#8221;4.7.3&#8243; _module_preset=&#8221;default&#8221; global_colors_info=&#8221;{}&#8221;][et_pb_row column_structure=&#8221;1_4,1_2,1_4&#8243; module_class=&#8221;body text textline smalltext&#8221; _builder_version=&#8221;4.7.3&#8243; _module_preset=&#8221;default&#8221; global_colors_info=&#8221;{}&#8221;][et_pb_column type=&#8221;1_4&#8243; _builder_version=&#8221;4.7.3&#8243; _module_preset=&#8221;default&#8221; global_colors_info=&#8221;{}&#8221;][\/et_pb_column][et_pb_column type=&#8221;1_2&#8243; _builder_version=&#8221;4.7.3&#8243; _module_preset=&#8221;default&#8221; global_colors_info=&#8221;{}&#8221;][et_pb_text module_class=&#8221;headlines&#8221; _builder_version=&#8221;4.10.7&#8243; _module_preset=&#8221;default&#8221; header_2_font_size=&#8221;28px&#8221; hover_enabled=&#8221;0&#8243; global_colors_info=&#8221;{}&#8221; sticky_enabled=&#8221;0&#8243;]<\/p>\n<h2 style=\"text-align: center;\">Duftende poser<\/h2>\n<p>[\/et_pb_text][et_pb_text _builder_version=&#8221;4.10.7&#8243; _module_preset=&#8221;default&#8221; hover_enabled=&#8221;0&#8243; global_colors_info=&#8221;{}&#8221; sticky_enabled=&#8221;0&#8243;]<\/p>\n<p> De fleste kender den behagelige f\u00f8lelse af at putte sig i frisklavet, duftende senget\u00f8j efter en lang dag \u2013 og en beroligende duft har faktisk en positiv effekt p\u00e5 vores s\u00f8vn. N\u00e5r vi er i dyb s\u00f8vn, er vores sanser normalt inaktive. I s\u00f8vnfasen overf\u00f8res lugte dog direkte til vores limbiske system, som blandt andet er ansvarligt for vores hum\u00f8r.<\/p>\n<p> Der er en r\u00e6kke urter, som siges at have beroligende, nervestyrkende eller s\u00f8vnfremmende egenskaber. Klassikerne omfatter: lavendel, bynke, citronmelisse og humle samt lind, hyldeb\u00e6r og baldrianblomster. <\/p>\n<p> Fyldt i sm\u00e5 poser kan de v\u00e6re gode sovemidler. Det bedste ved det: Du kan sagtens lave urteposerne selv.<\/p>\n<p> Alt du beh\u00f8ver er et \u00e5ndbart stof og t\u00f8rrede urter efter eget valg. Klip stoffet i to lige store stykker og sy det fast p\u00e5 tre sider. S\u00e5 kan du fylde de selvsyede poser. For at g\u00f8re det nemmere at skifte fyldet, kan det bindes \u00f8verst med et b\u00e5nd. <\/p>\n<p> Den f\u00e6rdige duftpose placeres bedst i n\u00e6rheden af \u200b\u200bdit hoved p\u00e5 natbordet eller under puden. <\/p>\n<p>[\/et_pb_text][\/et_pb_column][et_pb_column type=&#8221;1_4&#8243; _builder_version=&#8221;4.7.3&#8243; _module_preset=&#8221;default&#8221; global_colors_info=&#8221;{}&#8221;][\/et_pb_column][\/et_pb_row][et_pb_row column_structure=&#8221;1_4,1_2,1_4&#8243; module_class=&#8221;body text textline smalltext&#8221; _builder_version=&#8221;4.7.3&#8243; _module_preset=&#8221;default&#8221; global_colors_info=&#8221;{}&#8221;][et_pb_column type=&#8221;1_4&#8243; _builder_version=&#8221;4.7.3&#8243; _module_preset=&#8221;default&#8221; global_colors_info=&#8221;{}&#8221;][\/et_pb_column][et_pb_column type=&#8221;1_2&#8243; _builder_version=&#8221;4.7.3&#8243; _module_preset=&#8221;default&#8221; global_colors_info=&#8221;{}&#8221;][et_pb_text module_class=&#8221;headlines&#8221; _builder_version=&#8221;4.10.7&#8243; _module_preset=&#8221;default&#8221; header_2_font_size=&#8221;28px&#8221; hover_enabled=&#8221;0&#8243; global_colors_info=&#8221;{}&#8221; sticky_enabled=&#8221;0&#8243;]<\/p>\n<h2 style=\"text-align: center;\">Lyder til at falde i s\u00f8vn<\/h2>\n<p>[\/et_pb_text][et_pb_text _builder_version=&#8221;4.10.7&#8243; _module_preset=&#8221;default&#8221; hover_enabled=&#8221;0&#8243; global_colors_info=&#8221;{}&#8221; sticky_enabled=&#8221;0&#8243;]<\/p>\n<p> Hvorvidt og hvor godt vi sover afh\u00e6nger blandt andet af, hvad der sker omkring os, og hvor velkendte disse lyde er for os. Er du vokset op som barn i umiddelbar n\u00e6rhed af en trafikeret gade, selv som voksen, vil trafikst\u00f8j ikke holde dig fra at falde i s\u00f8vn. Men hvis du er vokset op p\u00e5 landet med den konstante pludren af \u200b\u200ben b\u00e6k, vil du tydeligere m\u00e6rke \u00e6ndringen i akustikken, n\u00e5r du flytter til en bylejlighed.<\/p>\n<p> Her kan specielle lyde hj\u00e6lpe dig med at falde i s\u00f8vn, s\u00e5kaldt hvid st\u00f8j. Det betyder en ensartet lyd, hvor alle akustiske frekvensomr\u00e5der, som det menneskelige \u00f8re kan opfatte, er repr\u00e6senteret ligeligt. Det kan v\u00e6re sommerregnens vitalisering eller den konstante summen af \u200b\u200bet k\u00f8leskab \u2013 ogs\u00e5 selvom det sidste m\u00e5ske ikke lyder s\u00e6rligt fristende. Det prim\u00e6re form\u00e5l med hvid st\u00f8j er at maskere omgivende st\u00f8j p\u00e5 en s\u00e5dan m\u00e5de, at vi ikke l\u00e6ngere opfatter dem som generende. <\/p>\n<p> S\u00e5 hvis naboernes sk\u00e6nderier om aftenen, st\u00f8jen fra baren ved siden af \u200b\u200beller ambulancesirenerne forhindrer dig i at sove, kan du bruge podcasts s\u00e5som lyde til at falde i s\u00f8vn eller meditationsapps som <a href=\"https:\/\/www.7mind.de\/\" target=\"_blank\" rel=\"noopener noreferrer\"> 7 Mind <\/a> og sov roligt. Der er ogs\u00e5 utallige gratis tilbud p\u00e5 YouTube. <\/p>\n<p>[\/et_pb_text][\/et_pb_column][et_pb_column type=&#8221;1_4&#8243; _builder_version=&#8221;4.7.3&#8243; _module_preset=&#8221;default&#8221; global_colors_info=&#8221;{}&#8221;][\/et_pb_column][\/et_pb_row][et_pb_row module_class=&#8221;body text textline bildinterview&#8221; _builder_version=&#8221;4.7.3&#8243; _module_preset=&#8221;default&#8221; max_width=&#8221;500px&#8221; global_colors_info=&#8221;{}&#8221;][et_pb_column type=&#8221;4_4&#8243; _builder_version=&#8221;4.7.3&#8243; _module_preset=&#8221;default&#8221; global_colors_info=&#8221;{}&#8221;][et_pb_image src=&#8221;https:\/\/www.otto-keller.de\/wp-content\/uploads\/2021\/01\/Otto_Keller_jessica-delp.jpg&#8221; title_text=&#8221;Otto_Keller_jessica-delp&#8221; show_in_lightbox=&#8221;on&#8221; align=&#8221;center&#8221; admin_label=&#8221;Bild&#8221; _builder_version=&#8221;4.7.3&#8243; _module_preset=&#8221;default&#8221; global_colors_info=&#8221;{}&#8221;][\/et_pb_image][et_pb_text module_class=&#8221;bildtext&#8221; _builder_version=&#8221;4.10.7&#8243; _module_preset=&#8221;default&#8221; hover_enabled=&#8221;0&#8243; global_colors_info=&#8221;{}&#8221; sticky_enabled=&#8221;0&#8243;]<\/p>\n<p>Fotografering: Jessica Delp<\/p>\n<p>[\/et_pb_text][\/et_pb_column][\/et_pb_row][et_pb_row column_structure=&#8221;1_4,1_2,1_4&#8243; module_class=&#8221;body text textline smalltext&#8221; _builder_version=&#8221;4.7.3&#8243; _module_preset=&#8221;default&#8221; global_colors_info=&#8221;{}&#8221;][et_pb_column type=&#8221;1_4&#8243; _builder_version=&#8221;4.7.3&#8243; _module_preset=&#8221;default&#8221; global_colors_info=&#8221;{}&#8221;][\/et_pb_column][et_pb_column type=&#8221;1_2&#8243; _builder_version=&#8221;4.7.3&#8243; _module_preset=&#8221;default&#8221; global_colors_info=&#8221;{}&#8221;][et_pb_text module_class=&#8221;headlines&#8221; _builder_version=&#8221;4.10.7&#8243; _module_preset=&#8221;default&#8221; header_2_font_size=&#8221;28px&#8221; hover_enabled=&#8221;0&#8243; global_colors_info=&#8221;{}&#8221; sticky_enabled=&#8221;0&#8243;]<\/p>\n<h2 style=\"text-align: center;\">Afsp\u00e6ndingsmetode: <br \/> Progressiv muskelafsp\u00e6nding<\/h2>\n<p>[\/et_pb_text][et_pb_text _builder_version=&#8221;4.10.7&#8243; _module_preset=&#8221;default&#8221; hover_enabled=&#8221;0&#8243; global_colors_info=&#8221;{}&#8221; sticky_enabled=&#8221;0&#8243;]<\/p>\n<p> Progressiv muskelafsp\u00e6nding hj\u00e6lper med at lindre stress og reducere s\u00f8vnl\u00f8shed. Den m\u00e5lrettede opsp\u00e6nding af individuelle muskelgrupper aktiverer afsp\u00e6ndingsprocesser i hele kroppen, som kan berolige dig og hj\u00e6lpe dig med at falde i s\u00f8vn bedre.<\/p>\n<p> Bare g\u00f8r dig godt tilpas i en l\u00e6nestol eller seng og l\u00e6n dig tilbage. Efter et par dybe vejrtr\u00e6kninger begynder du systematisk at sp\u00e6nde den ene muskelgruppe efter den anden i kort tid, for derefter bevidst at slappe af igen. Start med h\u00f8jre h\u00e5nd, g\u00e5 over arme og nakke til ansigtet og derefter over ryggen og maven ned til ben og f\u00f8dder.<\/p>\n<p>[\/et_pb_text][\/et_pb_column][et_pb_column type=&#8221;1_4&#8243; _builder_version=&#8221;4.7.3&#8243; _module_preset=&#8221;default&#8221; global_colors_info=&#8221;{}&#8221;][\/et_pb_column][\/et_pb_row][et_pb_row column_structure=&#8221;1_4,1_2,1_4&#8243; module_class=&#8221;body text textline smalltext&#8221; _builder_version=&#8221;4.7.3&#8243; _module_preset=&#8221;default&#8221; global_colors_info=&#8221;{}&#8221;][et_pb_column type=&#8221;1_4&#8243; _builder_version=&#8221;4.7.3&#8243; _module_preset=&#8221;default&#8221; global_colors_info=&#8221;{}&#8221;][\/et_pb_column][et_pb_column type=&#8221;1_2&#8243; _builder_version=&#8221;4.7.3&#8243; _module_preset=&#8221;default&#8221; global_colors_info=&#8221;{}&#8221;][et_pb_text module_class=&#8221;headlines&#8221; _builder_version=&#8221;4.10.7&#8243; _module_preset=&#8221;default&#8221; header_2_font_size=&#8221;28px&#8221; hover_enabled=&#8221;0&#8243; global_colors_info=&#8221;{}&#8221; sticky_enabled=&#8221;0&#8243;]<\/p>\n<h2 style=\"text-align: center;\">Der er to ting, du b\u00f8r undg\u00e5 for s\u00f8de dr\u00f8mme:\u00a0<\/h2>\n<p>[\/et_pb_text][et_pb_text _builder_version=&#8221;4.10.7&#8243; _module_preset=&#8221;default&#8221; hover_enabled=&#8221;0&#8243; global_colors_info=&#8221;{}&#8221; sticky_enabled=&#8221;0&#8243;]<\/p>\n<p>Udover alle mulige tiltag, som du kan tage for at forbedre din egen s\u00f8vnkvalitet, er der ogs\u00e5 en r\u00e6kke ting, der blot ikke g\u00f8r det, kan have lige s\u00e5 positive effekter.<\/p>\n<p>[\/et_pb_text][\/et_pb_column][et_pb_column type=&#8221;1_4&#8243; _builder_version=&#8221;4.7.3&#8243; _module_preset=&#8221;default&#8221; global_colors_info=&#8221;{}&#8221;][\/et_pb_column][\/et_pb_row][et_pb_row column_structure=&#8221;1_2,1_2&#8243; _builder_version=&#8221;4.7.3&#8243; _module_preset=&#8221;default&#8221; global_colors_info=&#8221;{}&#8221;][et_pb_column type=&#8221;1_2&#8243; _builder_version=&#8221;4.7.3&#8243; _module_preset=&#8221;default&#8221; global_colors_info=&#8221;{}&#8221;][et_pb_text module_class=&#8221;headlines&#8221; _builder_version=&#8221;4.10.7&#8243; _module_preset=&#8221;default&#8221; header_2_font_size=&#8221;28px&#8221; hover_enabled=&#8221;0&#8243; global_colors_info=&#8221;{}&#8221; sticky_enabled=&#8221;0&#8243;]<\/p>\n<h2 style=\"text-align: center;\">Elektronisk udstyr<\/h2>\n<p>[\/et_pb_text][et_pb_text _builder_version=&#8221;4.10.7&#8243; _module_preset=&#8221;default&#8221; hover_enabled=&#8221;0&#8243; global_colors_info=&#8221;{}&#8221; sticky_enabled=&#8221;0&#8243;]<\/p>\n<p> Mange mennesker besvarer de seneste beskeder i sengen, tjekker kalenderen eller indstiller v\u00e6kkeuret til n\u00e6ste morgen &#8211; det bl\u00e5 lys p\u00e5 sk\u00e6rmene har vist sig at h\u00e6mme produktionen af \u200b\u200bs\u00f8vnhormonet melatonin. <\/p>\n<p> Hvis vi bruger vores smartphone, laptop eller computer om aftenen, fratager vi os p\u00e5 en vis m\u00e5de chancen for at blive naturligt tr\u00e6tte. Tip: L\u00e6s i stedet en god bog i hyggeligt lys.<\/p>\n<p> Hvis du af professionelle \u00e5rsager skal bruge meget tid foran sk\u00e6rmen, kan aktivering af et bl\u00e5t lysfilter p\u00e5 de enkelte enheder eller briller med bl\u00e5t lysfilterteknologi til at slappe af i \u00f8jnene hj\u00e6lpe. <\/p>\n<p>[\/et_pb_text][\/et_pb_column][et_pb_column type=&#8221;1_2&#8243; _builder_version=&#8221;4.7.3&#8243; _module_preset=&#8221;default&#8221; global_colors_info=&#8221;{}&#8221;][et_pb_text module_class=&#8221;headlines&#8221; _builder_version=&#8221;4.10.7&#8243; _module_preset=&#8221;default&#8221; header_2_font_size=&#8221;28px&#8221; hover_enabled=&#8221;0&#8243; global_colors_info=&#8221;{}&#8221; sticky_enabled=&#8221;0&#8243;]<\/p>\n<h2 style=\"text-align: center;\">Alkohol<\/h2>\n<p>[\/et_pb_text][et_pb_text _builder_version=&#8221;4.10.7&#8243; _module_preset=&#8221;default&#8221; hover_enabled=&#8221;0&#8243; global_colors_info=&#8221;{}&#8221; sticky_enabled=&#8221;0&#8243;]<\/p>\n<p> Et glas r\u00f8dvin kan m\u00e5ske g\u00f8re det lettere at falde i s\u00f8vn \u2013 men det hj\u00e6lper ikke p\u00e5 en dyb og afslappende s\u00f8vn. Alkohol forkorter de dybe s\u00f8vnfaser, der er n\u00f8dvendige for regenereringen af \u200b\u200bvores krop. I stedet har kroppen travlt med at nedbryde alkoholen i blodet i l\u00f8bet af natten.<\/p>\n<p> Indtagelse af alkohol f\u00f8r sengetid dehydrerer kroppen og f\u00f8rer til urolig s\u00f8vn med flere v\u00e5gne faser, hvilket g\u00f8r, at du f\u00f8ler dig udmattet, sl\u00f8v og irritabel n\u00e6ste morgen. Af denne grund er det tilr\u00e5deligt at drikke lidt eller ingen alkohol fire til seks timer f\u00f8r du g\u00e5r i seng. Det samme g\u00e6lder koffein. <\/p>\n<p>[\/et_pb_text][\/et_pb_column][\/et_pb_row][\/et_pb_section][et_pb_section fb_built=&#8221;1&#8243; module_class=&#8221;footer blogbeitrag&#8221; _builder_version=&#8221;4.7.3&#8243; _module_preset=&#8221;default&#8221; background_color=&#8221;rgba(219,213,205,0.8)&#8221; global_colors_info=&#8221;{}&#8221;][et_pb_row column_structure=&#8221;1_2,1_2&#8243; _builder_version=&#8221;4.7.3&#8243; _module_preset=&#8221;default&#8221; global_colors_info=&#8221;{}&#8221;][et_pb_column type=&#8221;1_2&#8243; _builder_version=&#8221;4.7.3&#8243; _module_preset=&#8221;default&#8221; global_colors_info=&#8221;{}&#8221;][et_pb_text admin_label=&#8221;N\u00e4chste Story (nichts machen!!)&#8221; _builder_version=&#8221;4.7.3&#8243; _module_preset=&#8221;default&#8221; global_colors_info=&#8221;{}&#8221;]<div class=\"beitrag\"><p class=\"titel\">N\u00e4chste Story<\/p><a href=\"https:\/\/www.otto-keller.de\/da\/vadim-ursus\/\" class=\"link\"><img decoding=\"async\" src=\"\/wp-content\/uploads\/2020\/12\/Peter_Wolff_Otto_web_02-1.jpg\" class=\"bild next-story\"><p class=\"datum\">04.  2021<\/p><p class=\"kategorie\">Interview<\/p><p class=\"titel\">Vadim OTTO Ursus<\/p><\/a><\/div>[\/et_pb_text][\/et_pb_column][et_pb_column type=&#8221;1_2&#8243; _builder_version=&#8221;4.7.3&#8243; _module_preset=&#8221;default&#8221; global_colors_info=&#8221;{}&#8221;][et_pb_text admin_label=&#8221;Verwandte Themen (nichts machen!!) &#8221; _builder_version=&#8221;4.7.3&#8243; _module_preset=&#8221;default&#8221; global_colors_info=&#8221;{}&#8221;]<div class=\"beitrag\"><p class=\"titel\">N\u00e4chste Story<\/p><div class='beitrag_0 beitrag_column et_pb_column_1_2'><a href='https:\/\/www.otto-keller.de\/da\/rejsemal-for-foraret-2021\/' class='link'><img src='\/wp-content\/uploads\/2021\/02\/Otto_Keller_Reiseziele_HF.jpg' class='bild'><p class='datum'>26.  2021<\/p><p class='kategorie'>Tips<\/p><p class='titel'>Rejsem\u00e5l for for\u00e5ret 2021<\/p><\/a><\/div><div class='beitrag_1 beitrag_column et_pb_column_1_2'><a href='https:\/\/www.otto-keller.de\/da\/mental-health-apps-podcasts\/' class='link'><img src='https:\/\/www.otto-keller.de\/wp-content\/uploads\/2021\/01\/Otto_Keller_App_01-1024x528.jpg' class='bild'><p class='datum'>26.  2021<\/p><p class='kategorie'>Tips<\/p><p class='titel'>Mental Health Apps & Podcasts<\/p><\/a><\/div><\/div>[\/et_pb_text][\/et_pb_column][\/et_pb_row][\/et_pb_section]<\/p>\n","protected":false},"excerpt":{"rendered":"<p>Lorem ipsum dolor sit amet, consetetur sadipscing elitr, sed diam nonumy eirmod tempor invidunt ut labore et dolore magna aliquyam erat, sed diam voluptua. At vero eos et accusam et justo duo dolores et ea rebum. Stet clita kasd gubergren, no sea takimata sanctus est Lorem ipsum dolor sit amet.<\/p>\n","protected":false},"author":5,"featured_media":3964,"comment_status":"closed","ping_status":"closed","sticky":false,"template":"","format":"standard","meta":{"_et_pb_use_builder":"on","_et_pb_old_content":"","_et_gb_content_width":"","inline_featured_image":false,"footnotes":""},"categories":[71],"tags":[77],"class_list":["post-7975","post","type-post","status-publish","format-standard","has-post-thumbnail","hentry","category-sundhed","tag-tips"],"yoast_head":"<!-- This site is optimized with the Yoast SEO plugin v26.6 - https:\/\/yoast.com\/wordpress\/plugins\/seo\/ -->\n<title>Sov bedre - otto-keller.de<\/title>\n<meta name=\"description\" content=\"Tips og tricks til en dyb og afslappende s\u00f8vn. I Otto Kellers blad for livskvalitet. Tag et kig nu!\" \/>\n<meta name=\"robots\" content=\"noindex, follow\" \/>\n<meta property=\"og:locale\" content=\"da_DK\" \/>\n<meta property=\"og:type\" content=\"article\" \/>\n<meta property=\"og:title\" content=\"Sov bedre - otto-keller.de\" \/>\n<meta property=\"og:description\" content=\"Tips og tricks til en dyb og afslappende s\u00f8vn. I Otto Kellers blad for livskvalitet. Tag et kig nu!\" \/>\n<meta property=\"og:url\" content=\"https:\/\/www.otto-keller.de\/da\/sov-bedre\/\" \/>\n<meta property=\"og:site_name\" content=\"otto-keller.de\" \/>\n<meta property=\"article:published_time\" content=\"2021-01-25T18:32:48+00:00\" \/>\n<meta property=\"article:modified_time\" content=\"2021-11-10T09:02:02+00:00\" \/>\n<meta property=\"og:image\" content=\"https:\/\/www.otto-keller.de\/wp-content\/uploads\/2021\/01\/Otto_Keller_Magazin_kinga-cichewicz-sleeping_02.jpg\" \/>\n\t<meta property=\"og:image:width\" content=\"2500\" \/>\n\t<meta property=\"og:image:height\" content=\"1290\" \/>\n\t<meta property=\"og:image:type\" content=\"image\/jpeg\" \/>\n<meta name=\"author\" content=\"noservice\" \/>\n<meta name=\"twitter:card\" content=\"summary_large_image\" \/>\n<meta name=\"twitter:label1\" content=\"Skrevet af\" \/>\n\t<meta name=\"twitter:data1\" content=\"noservice\" \/>\n\t<meta name=\"twitter:label2\" content=\"Estimeret l\u00e6setid\" \/>\n\t<meta name=\"twitter:data2\" content=\"10 minutter\" \/>\n<script type=\"application\/ld+json\" class=\"yoast-schema-graph\">{\"@context\":\"https:\/\/schema.org\",\"@graph\":[{\"@type\":\"Article\",\"@id\":\"https:\/\/www.otto-keller.de\/da\/sov-bedre\/#article\",\"isPartOf\":{\"@id\":\"https:\/\/www.otto-keller.de\/da\/sov-bedre\/\"},\"author\":{\"name\":\"noservice\",\"@id\":\"https:\/\/www.otto-keller.de\/da\/#\/schema\/person\/e89ec07112f034f147633173e4e4a537\"},\"headline\":\"Sov bedre\",\"datePublished\":\"2021-01-25T18:32:48+00:00\",\"dateModified\":\"2021-11-10T09:02:02+00:00\",\"mainEntityOfPage\":{\"@id\":\"https:\/\/www.otto-keller.de\/da\/sov-bedre\/\"},\"wordCount\":1926,\"publisher\":{\"@id\":\"https:\/\/www.otto-keller.de\/da\/#organization\"},\"image\":{\"@id\":\"https:\/\/www.otto-keller.de\/da\/sov-bedre\/#primaryimage\"},\"thumbnailUrl\":\"https:\/\/www.otto-keller.de\/wp-content\/uploads\/2021\/01\/Otto_Keller_Magazin_kinga-cichewicz-sleeping_02.jpg\",\"keywords\":[\"Tips\"],\"articleSection\":[\"Sundhed\"],\"inLanguage\":\"da-DK\"},{\"@type\":\"WebPage\",\"@id\":\"https:\/\/www.otto-keller.de\/da\/sov-bedre\/\",\"url\":\"https:\/\/www.otto-keller.de\/da\/sov-bedre\/\",\"name\":\"Sov bedre - otto-keller.de\",\"isPartOf\":{\"@id\":\"https:\/\/www.otto-keller.de\/da\/#website\"},\"primaryImageOfPage\":{\"@id\":\"https:\/\/www.otto-keller.de\/da\/sov-bedre\/#primaryimage\"},\"image\":{\"@id\":\"https:\/\/www.otto-keller.de\/da\/sov-bedre\/#primaryimage\"},\"thumbnailUrl\":\"https:\/\/www.otto-keller.de\/wp-content\/uploads\/2021\/01\/Otto_Keller_Magazin_kinga-cichewicz-sleeping_02.jpg\",\"datePublished\":\"2021-01-25T18:32:48+00:00\",\"dateModified\":\"2021-11-10T09:02:02+00:00\",\"description\":\"Tips og tricks til en dyb og afslappende s\u00f8vn. I Otto Kellers blad for livskvalitet. Tag et kig nu!\",\"breadcrumb\":{\"@id\":\"https:\/\/www.otto-keller.de\/da\/sov-bedre\/#breadcrumb\"},\"inLanguage\":\"da-DK\",\"potentialAction\":[{\"@type\":\"ReadAction\",\"target\":[\"https:\/\/www.otto-keller.de\/da\/sov-bedre\/\"]}]},{\"@type\":\"ImageObject\",\"inLanguage\":\"da-DK\",\"@id\":\"https:\/\/www.otto-keller.de\/da\/sov-bedre\/#primaryimage\",\"url\":\"https:\/\/www.otto-keller.de\/wp-content\/uploads\/2021\/01\/Otto_Keller_Magazin_kinga-cichewicz-sleeping_02.jpg\",\"contentUrl\":\"https:\/\/www.otto-keller.de\/wp-content\/uploads\/2021\/01\/Otto_Keller_Magazin_kinga-cichewicz-sleeping_02.jpg\",\"width\":2500,\"height\":1290},{\"@type\":\"BreadcrumbList\",\"@id\":\"https:\/\/www.otto-keller.de\/da\/sov-bedre\/#breadcrumb\",\"itemListElement\":[{\"@type\":\"ListItem\",\"position\":1,\"name\":\"Startseite\",\"item\":\"https:\/\/www.otto-keller.de\/da\/\"},{\"@type\":\"ListItem\",\"position\":2,\"name\":\"Sov bedre\"}]},{\"@type\":\"WebSite\",\"@id\":\"https:\/\/www.otto-keller.de\/da\/#website\",\"url\":\"https:\/\/www.otto-keller.de\/da\/\",\"name\":\"otto-keller.de\",\"description\":\"Hochwertige Feder- und Daunendecken\",\"publisher\":{\"@id\":\"https:\/\/www.otto-keller.de\/da\/#organization\"},\"potentialAction\":[{\"@type\":\"SearchAction\",\"target\":{\"@type\":\"EntryPoint\",\"urlTemplate\":\"https:\/\/www.otto-keller.de\/da\/?s={search_term_string}\"},\"query-input\":{\"@type\":\"PropertyValueSpecification\",\"valueRequired\":true,\"valueName\":\"search_term_string\"}}],\"inLanguage\":\"da-DK\"},{\"@type\":\"Organization\",\"@id\":\"https:\/\/www.otto-keller.de\/da\/#organization\",\"name\":\"Bettfedernfabrik Otto Keller GmbH & Co. KG\",\"url\":\"https:\/\/www.otto-keller.de\/da\/\",\"logo\":{\"@type\":\"ImageObject\",\"inLanguage\":\"da-DK\",\"@id\":\"https:\/\/www.otto-keller.de\/da\/#\/schema\/logo\/image\/\",\"url\":\"https:\/\/www.otto-keller.de\/wp-content\/uploads\/2021\/01\/otto_keller_logo_rgb_schwarz.svg\",\"contentUrl\":\"https:\/\/www.otto-keller.de\/wp-content\/uploads\/2021\/01\/otto_keller_logo_rgb_schwarz.svg\",\"width\":1,\"height\":1,\"caption\":\"Bettfedernfabrik Otto Keller GmbH & Co. KG\"},\"image\":{\"@id\":\"https:\/\/www.otto-keller.de\/da\/#\/schema\/logo\/image\/\"}},{\"@type\":\"Person\",\"@id\":\"https:\/\/www.otto-keller.de\/da\/#\/schema\/person\/e89ec07112f034f147633173e4e4a537\",\"name\":\"noservice\",\"image\":{\"@type\":\"ImageObject\",\"inLanguage\":\"da-DK\",\"@id\":\"https:\/\/www.otto-keller.de\/da\/#\/schema\/person\/image\/\",\"url\":\"https:\/\/secure.gravatar.com\/avatar\/834a3586e836d7f23ce5cae14c29d05ea2db9f801560cea6e0768efca176f853?s=96&d=mm&r=g\",\"contentUrl\":\"https:\/\/secure.gravatar.com\/avatar\/834a3586e836d7f23ce5cae14c29d05ea2db9f801560cea6e0768efca176f853?s=96&d=mm&r=g\",\"caption\":\"noservice\"}}]}<\/script>\n<!-- \/ Yoast SEO plugin. -->","yoast_head_json":{"title":"Sov bedre - otto-keller.de","description":"Tips og tricks til en dyb og afslappende s\u00f8vn. I Otto Kellers blad for livskvalitet. Tag et kig nu!","robots":{"index":"noindex","follow":"follow"},"og_locale":"da_DK","og_type":"article","og_title":"Sov bedre - otto-keller.de","og_description":"Tips og tricks til en dyb og afslappende s\u00f8vn. I Otto Kellers blad for livskvalitet. Tag et kig nu!","og_url":"https:\/\/www.otto-keller.de\/da\/sov-bedre\/","og_site_name":"otto-keller.de","article_published_time":"2021-01-25T18:32:48+00:00","article_modified_time":"2021-11-10T09:02:02+00:00","og_image":[{"width":2500,"height":1290,"url":"https:\/\/www.otto-keller.de\/wp-content\/uploads\/2021\/01\/Otto_Keller_Magazin_kinga-cichewicz-sleeping_02.jpg","type":"image\/jpeg"}],"author":"noservice","twitter_card":"summary_large_image","twitter_misc":{"Skrevet af":"noservice","Estimeret l\u00e6setid":"10 minutter"},"schema":{"@context":"https:\/\/schema.org","@graph":[{"@type":"Article","@id":"https:\/\/www.otto-keller.de\/da\/sov-bedre\/#article","isPartOf":{"@id":"https:\/\/www.otto-keller.de\/da\/sov-bedre\/"},"author":{"name":"noservice","@id":"https:\/\/www.otto-keller.de\/da\/#\/schema\/person\/e89ec07112f034f147633173e4e4a537"},"headline":"Sov bedre","datePublished":"2021-01-25T18:32:48+00:00","dateModified":"2021-11-10T09:02:02+00:00","mainEntityOfPage":{"@id":"https:\/\/www.otto-keller.de\/da\/sov-bedre\/"},"wordCount":1926,"publisher":{"@id":"https:\/\/www.otto-keller.de\/da\/#organization"},"image":{"@id":"https:\/\/www.otto-keller.de\/da\/sov-bedre\/#primaryimage"},"thumbnailUrl":"https:\/\/www.otto-keller.de\/wp-content\/uploads\/2021\/01\/Otto_Keller_Magazin_kinga-cichewicz-sleeping_02.jpg","keywords":["Tips"],"articleSection":["Sundhed"],"inLanguage":"da-DK"},{"@type":"WebPage","@id":"https:\/\/www.otto-keller.de\/da\/sov-bedre\/","url":"https:\/\/www.otto-keller.de\/da\/sov-bedre\/","name":"Sov bedre - otto-keller.de","isPartOf":{"@id":"https:\/\/www.otto-keller.de\/da\/#website"},"primaryImageOfPage":{"@id":"https:\/\/www.otto-keller.de\/da\/sov-bedre\/#primaryimage"},"image":{"@id":"https:\/\/www.otto-keller.de\/da\/sov-bedre\/#primaryimage"},"thumbnailUrl":"https:\/\/www.otto-keller.de\/wp-content\/uploads\/2021\/01\/Otto_Keller_Magazin_kinga-cichewicz-sleeping_02.jpg","datePublished":"2021-01-25T18:32:48+00:00","dateModified":"2021-11-10T09:02:02+00:00","description":"Tips og tricks til en dyb og afslappende s\u00f8vn. I Otto Kellers blad for livskvalitet. Tag et kig nu!","breadcrumb":{"@id":"https:\/\/www.otto-keller.de\/da\/sov-bedre\/#breadcrumb"},"inLanguage":"da-DK","potentialAction":[{"@type":"ReadAction","target":["https:\/\/www.otto-keller.de\/da\/sov-bedre\/"]}]},{"@type":"ImageObject","inLanguage":"da-DK","@id":"https:\/\/www.otto-keller.de\/da\/sov-bedre\/#primaryimage","url":"https:\/\/www.otto-keller.de\/wp-content\/uploads\/2021\/01\/Otto_Keller_Magazin_kinga-cichewicz-sleeping_02.jpg","contentUrl":"https:\/\/www.otto-keller.de\/wp-content\/uploads\/2021\/01\/Otto_Keller_Magazin_kinga-cichewicz-sleeping_02.jpg","width":2500,"height":1290},{"@type":"BreadcrumbList","@id":"https:\/\/www.otto-keller.de\/da\/sov-bedre\/#breadcrumb","itemListElement":[{"@type":"ListItem","position":1,"name":"Startseite","item":"https:\/\/www.otto-keller.de\/da\/"},{"@type":"ListItem","position":2,"name":"Sov bedre"}]},{"@type":"WebSite","@id":"https:\/\/www.otto-keller.de\/da\/#website","url":"https:\/\/www.otto-keller.de\/da\/","name":"otto-keller.de","description":"Hochwertige Feder- und Daunendecken","publisher":{"@id":"https:\/\/www.otto-keller.de\/da\/#organization"},"potentialAction":[{"@type":"SearchAction","target":{"@type":"EntryPoint","urlTemplate":"https:\/\/www.otto-keller.de\/da\/?s={search_term_string}"},"query-input":{"@type":"PropertyValueSpecification","valueRequired":true,"valueName":"search_term_string"}}],"inLanguage":"da-DK"},{"@type":"Organization","@id":"https:\/\/www.otto-keller.de\/da\/#organization","name":"Bettfedernfabrik Otto Keller GmbH & Co. KG","url":"https:\/\/www.otto-keller.de\/da\/","logo":{"@type":"ImageObject","inLanguage":"da-DK","@id":"https:\/\/www.otto-keller.de\/da\/#\/schema\/logo\/image\/","url":"https:\/\/www.otto-keller.de\/wp-content\/uploads\/2021\/01\/otto_keller_logo_rgb_schwarz.svg","contentUrl":"https:\/\/www.otto-keller.de\/wp-content\/uploads\/2021\/01\/otto_keller_logo_rgb_schwarz.svg","width":1,"height":1,"caption":"Bettfedernfabrik Otto Keller GmbH & Co. KG"},"image":{"@id":"https:\/\/www.otto-keller.de\/da\/#\/schema\/logo\/image\/"}},{"@type":"Person","@id":"https:\/\/www.otto-keller.de\/da\/#\/schema\/person\/e89ec07112f034f147633173e4e4a537","name":"noservice","image":{"@type":"ImageObject","inLanguage":"da-DK","@id":"https:\/\/www.otto-keller.de\/da\/#\/schema\/person\/image\/","url":"https:\/\/secure.gravatar.com\/avatar\/834a3586e836d7f23ce5cae14c29d05ea2db9f801560cea6e0768efca176f853?s=96&d=mm&r=g","contentUrl":"https:\/\/secure.gravatar.com\/avatar\/834a3586e836d7f23ce5cae14c29d05ea2db9f801560cea6e0768efca176f853?s=96&d=mm&r=g","caption":"noservice"}}]}},"_links":{"self":[{"href":"https:\/\/www.otto-keller.de\/da\/wp-json\/wp\/v2\/posts\/7975","targetHints":{"allow":["GET"]}}],"collection":[{"href":"https:\/\/www.otto-keller.de\/da\/wp-json\/wp\/v2\/posts"}],"about":[{"href":"https:\/\/www.otto-keller.de\/da\/wp-json\/wp\/v2\/types\/post"}],"author":[{"embeddable":true,"href":"https:\/\/www.otto-keller.de\/da\/wp-json\/wp\/v2\/users\/5"}],"replies":[{"embeddable":true,"href":"https:\/\/www.otto-keller.de\/da\/wp-json\/wp\/v2\/comments?post=7975"}],"version-history":[{"count":0,"href":"https:\/\/www.otto-keller.de\/da\/wp-json\/wp\/v2\/posts\/7975\/revisions"}],"wp:featuredmedia":[{"embeddable":true,"href":"https:\/\/www.otto-keller.de\/da\/wp-json\/wp\/v2\/media\/3964"}],"wp:attachment":[{"href":"https:\/\/www.otto-keller.de\/da\/wp-json\/wp\/v2\/media?parent=7975"}],"wp:term":[{"taxonomy":"category","embeddable":true,"href":"https:\/\/www.otto-keller.de\/da\/wp-json\/wp\/v2\/categories?post=7975"},{"taxonomy":"post_tag","embeddable":true,"href":"https:\/\/www.otto-keller.de\/da\/wp-json\/wp\/v2\/tags?post=7975"}],"curies":[{"name":"wp","href":"https:\/\/api.w.org\/{rel}","templated":true}]}}